{"id":981,"date":"2019-07-17T08:46:50","date_gmt":"2019-07-17T06:46:50","guid":{"rendered":"http:\/\/falgas-cp491.wordpresstemporal.com\/?p=981"},"modified":"2019-07-17T08:58:02","modified_gmt":"2019-07-17T06:58:02","slug":"achat-immobilier-2","status":"publish","type":"post","link":"https:\/\/falgas.net\/fr\/achat-immobilier-2\/","title":{"rendered":"Achat immobilier &#8211; 2"},"content":{"rendered":"\t\t<div data-elementor-type=\"wp-post\" data-elementor-id=\"981\" class=\"elementor elementor-981\">\n\t\t\t\t\t\t<section class=\"elementor-section elementor-top-section elementor-element elementor-element-9be9b3f elementor-section-height-min-height elementor-section-boxed elementor-section-height-default elementor-section-items-middle\" data-id=\"9be9b3f\" data-element_type=\"section\" data-e-type=\"section\" data-settings=\"{&quot;background_background&quot;:&quot;classic&quot;}\">\n\t\t\t\t\t\t<div class=\"elementor-container elementor-column-gap-default\">\n\t\t\t\t\t<div class=\"elementor-column elementor-col-100 elementor-top-column elementor-element elementor-element-6d36788\" data-id=\"6d36788\" data-element_type=\"column\" data-e-type=\"column\">\n\t\t\t<div class=\"elementor-widget-wrap elementor-element-populated\">\n\t\t\t\t\t\t<div class=\"elementor-element elementor-element-89c068f elementor-widget elementor-widget-heading\" data-id=\"89c068f\" data-element_type=\"widget\" data-e-type=\"widget\" data-widget_type=\"heading.default\">\n\t\t\t\t<div class=\"elementor-widget-container\">\n\t\t\t\t\t<h1 class=\"elementor-heading-title elementor-size-default\">Achat immobilier<\/h1>\t\t\t\t<\/div>\n\t\t\t\t<\/div>\n\t\t\t\t\t<\/div>\n\t\t<\/div>\n\t\t\t\t\t<\/div>\n\t\t<\/section>\n\t\t\t\t<section class=\"elementor-section elementor-top-section elementor-element elementor-element-072ef89 elementor-section-boxed elementor-section-height-default elementor-section-height-default\" data-id=\"072ef89\" data-element_type=\"section\" data-e-type=\"section\">\n\t\t\t\t\t\t<div class=\"elementor-container elementor-column-gap-default\">\n\t\t\t\t\t<div class=\"elementor-column elementor-col-100 elementor-top-column elementor-element elementor-element-c474ca4\" data-id=\"c474ca4\" data-element_type=\"column\" data-e-type=\"column\">\n\t\t\t<div class=\"elementor-widget-wrap elementor-element-populated\">\n\t\t\t\t\t\t<div class=\"elementor-element elementor-element-beb186f elementor-widget elementor-widget-heading\" data-id=\"beb186f\" data-element_type=\"widget\" data-e-type=\"widget\" data-widget_type=\"heading.default\">\n\t\t\t\t<div class=\"elementor-widget-container\">\n\t\t\t\t\t<h2 class=\"elementor-heading-title elementor-size-default\">De particulier \u00e0 particulier ou avec agence immobilier<\/h2>\t\t\t\t<\/div>\n\t\t\t\t<\/div>\n\t\t\t\t\t<\/div>\n\t\t<\/div>\n\t\t\t\t\t<\/div>\n\t\t<\/section>\n\t\t\t\t<section class=\"elementor-section elementor-top-section elementor-element elementor-element-5a7f4a1 elementor-section-boxed elementor-section-height-default elementor-section-height-default\" data-id=\"5a7f4a1\" data-element_type=\"section\" data-e-type=\"section\">\n\t\t\t\t\t\t<div class=\"elementor-container elementor-column-gap-default\">\n\t\t\t\t\t<div class=\"elementor-column elementor-col-100 elementor-top-column elementor-element elementor-element-eba958a\" data-id=\"eba958a\" data-element_type=\"column\" data-e-type=\"column\">\n\t\t\t<div class=\"elementor-widget-wrap elementor-element-populated\">\n\t\t\t\t\t\t<div class=\"elementor-element elementor-element-be32761 elementor-widget elementor-widget-heading\" data-id=\"be32761\" data-element_type=\"widget\" data-e-type=\"widget\" data-widget_type=\"heading.default\">\n\t\t\t\t<div class=\"elementor-widget-container\">\n\t\t\t\t\t<h3 class=\"elementor-heading-title elementor-size-default\">Les\u202fco\u00fbts pour l\u2019ACHETEUR d\u2019un bien immobilier ancien <\/h3>\t\t\t\t<\/div>\n\t\t\t\t<\/div>\n\t\t\t\t<div class=\"elementor-element elementor-element-966d2e4 elementor-widget elementor-widget-text-editor\" data-id=\"966d2e4\" data-element_type=\"widget\" data-e-type=\"widget\" data-widget_type=\"text-editor.default\">\n\t\t\t\t<div class=\"elementor-widget-container\">\n\t\t\t\t\t\t\t\t\t<ul><li><b><i><span data-contrast=\"none\">L\u2019imp\u00f4t sur le transfert de propri\u00e9t\u00e9<\/span><\/i><\/b><i><span data-contrast=\"none\">\u202f(\u00ab\u202fImpuesto\u00a0de\u00a0Transmisiones\u00a0Patrimoniales\u202f\u00bb ou ITP). La gestion de l\u2019ITP est conc\u00e9d\u00e9e aux autonomies (r\u00e9gions espagnoles) et son taux varie, selon l\u2019autonomie, de 6 \u00e0 11% sur la v<\/span><\/i><i><span data-contrast=\"none\">aleur de l\u2019achat. A Madrid, le taux est de 6%, mais \u00e0 Barcelone comme dans tout la Communaut\u00e9 CATALANA (Roses,\u00a0 l\u2019Escala, Sant\u00a0Feliu\u00a0de\u00a0Gu\u00edxols, Tossa de Mar,\u00a0\u00a0Girona, Tarragona, etc\u2026) et\u00a0 Valencienne, il est de\u00a0<\/span><\/i><b><i><span data-contrast=\"none\">10%.<\/span><\/i><\/b><i><span data-contrast=\"none\">\u00a0\u00a0\u00a0<\/span><\/i><span data-ccp-props=\"{\">\u00a0<\/span><\/li><li data-leveltext=\"\uf0b7\" data-font=\"Symbol\" data-listid=\"1\" aria-setsize=\"-1\" data-aria-posinset=\"0\" data-aria-level=\"1\"><b><i><span data-contrast=\"none\">La\u00a0taxe\u00a0sur la\u00a0<\/span><\/i><\/b><b><i><span data-contrast=\"none\">documentation\u00a0juridique<\/span><\/i><\/b><i><span data-contrast=\"none\">\u202f(\u00ab\u202fImpuesto\u00a0sobre Actos Jur\u00eddicos Documentados\u202f\u00bb\u00a0ou\u00a0IAJD).\u202f<\/span><\/i><i><span data-contrast=\"none\">Cette taxe est g\u00e9n\u00e9r\u00e9e par la signature chez le notaire et l\u2019inscription du bien au Registre de la Propri\u00e9t\u00e9. Le taux d\u2019imposition applicable est variable selon la communaut<\/span><\/i><i><span data-contrast=\"none\">\u00e9 autonome, de 0,5% et 1,5% sur le montant de la\u00a0vente:\u00a0<\/span><\/i><b><i><span data-contrast=\"none\">1,5%<\/span><\/i><\/b><i><span data-contrast=\"none\">\u00a0pour l\u2019Andalousie, la Communaut\u00e9 Valencienne et la Catalogne, 0,75% pour la Communaut\u00e9 de Madrid et 0,5% au Pays Basque.<\/span><\/i><\/li><\/ul><ul><li data-leveltext=\"\uf0b7\" data-font=\"Symbol\" data-listid=\"1\" aria-setsize=\"-1\" data-aria-posinset=\"0\" data-aria-level=\"1\"><b><i><span data-contrast=\"none\">Les frais notari\u00e9s.\u202f<\/span><\/i><\/b><i><span data-contrast=\"none\">Le notaire n\u2019a pas le m\u00eame r\u00f4le en Espagne que\u00a0<\/span><\/i><i><span data-contrast=\"none\">dans les pays francophones. Il est une simple chambre d\u2019enregistrement : il se contente de r\u00e9diger l\u2019acte de vente et l\u2019acte hypoth\u00e9caire \u00e9ventuellement (\u00ab\u202fescrituras\u00a0de\u00a0compraventa\u00a0y\u00a0del\u00a0pr\u00e9stamo\u00a0hipotecario\u202f\u00bb<\/span><\/i><b><i><span data-contrast=\"none\">)<\/span><\/i><\/b><i><span data-contrast=\"none\">, de vous donner lecture des principaux passa<\/span><\/i><i><span data-contrast=\"none\">ges, de contr\u00f4ler votre identit\u00e9 et de certifier votre signature. Ses honoraires varient de 600 \u20ac (pour un achat de 50.000 \u20ac) \u00e0 900 \u20ac (pour un achat de 1 million \u20ac). Comptez environ\u00a0<\/span><\/i><b><i><span data-contrast=\"none\">0,1%<\/span><\/i><\/b><i><span data-contrast=\"none\">\u00a0de la valeur d\u2019achat du bien.<\/span><\/i><span data-ccp-props=\"{\">\u00a0<\/span><\/li><li data-leveltext=\"\uf0b7\" data-font=\"Symbol\" data-listid=\"1\" aria-setsize=\"-1\" data-aria-posinset=\"0\" data-aria-level=\"1\"><b><i><span data-contrast=\"none\">Les frais d\u2019\u00e9valuation du bien immobili<\/span><\/i><\/b><b><i><span data-contrast=\"none\">er<\/span><\/i><\/b><i><span data-contrast=\"none\">\u202f(\u00ab\u202fgastos\u202fde\u202ftasaci\u00f3n\u202finmobiliario\u202f\u00bb), seulement n\u00e9cessaires si l\u2019acheteur a besoin d\u2019une hypoth\u00e8que. Tr\u00e8s variables selon la superficie, la localisation et la soci\u00e9t\u00e9 de taxation, de 300 \u00e0 1000 \u20ac.<\/span><\/i><span data-ccp-props=\"{\">\u00a0<\/span><\/li><li data-leveltext=\"\uf0b7\" data-font=\"Symbol\" data-listid=\"1\" aria-setsize=\"-1\" data-aria-posinset=\"0\" data-aria-level=\"1\"><b><i><span data-contrast=\"none\">Les frais d\u2019inscription au Registre de la Propri\u00e9t\u00e9<\/span><\/i><\/b><i><span data-contrast=\"none\">\u202f(\u00ab\u202f<\/span><\/i><i><span data-contrast=\"none\">inscripci\u00f3n\u00a0en el\u00a0Registro\u00a0de la\u00a0Propiedad\u202f\u00bb).\u202fLeur co\u00fbt varie de 400 \u20ac (pour un achat de 50.000 \u20ac) \u00e0 650 \u20ac (pour un achat de 1 million \u20ac).<\/span><\/i><span data-ccp-props=\"{\">\u00a0<\/span><\/li><li data-leveltext=\"\uf0b7\" data-font=\"Symbol\" data-listid=\"1\" aria-setsize=\"-1\" data-aria-posinset=\"0\" data-aria-level=\"1\"><b><i><span data-contrast=\"none\">Le Conseiller Immobilier ou l\u2019avocat sp\u00e9cialis\u00e9 en droit immobilier\u202f<\/span><\/i><\/b><i><span data-contrast=\"none\">: le conseil est obligatoire pour un francophone<\/span><\/i><i><span data-contrast=\"none\">\u00a0afin de v\u00e9rifier l\u2019\u00e9tat r\u00e9el du bien et les diff\u00e9rents documents li\u00e9s \u00e0 la vente Si vous choisissez l\u2019option avocat, son accompagnement jusqu\u2019\u00e0 la signature vous co\u00fbtera environ\u00a0<\/span><\/i><b><i><span data-contrast=\"none\">3%<\/span><\/i><\/b><i><span data-contrast=\"none\">\u00a0de la valeur d\u2019achat du bien.<\/span><\/i><\/li><\/ul>\t\t\t\t\t\t\t\t<\/div>\n\t\t\t\t<\/div>\n\t\t\t\t\t<\/div>\n\t\t<\/div>\n\t\t\t\t\t<\/div>\n\t\t<\/section>\n\t\t\t\t<section class=\"elementor-section elementor-top-section elementor-element elementor-element-e7c8e3e elementor-section-boxed elementor-section-height-default elementor-section-height-default\" data-id=\"e7c8e3e\" data-element_type=\"section\" data-e-type=\"section\">\n\t\t\t\t\t\t<div class=\"elementor-container elementor-column-gap-default\">\n\t\t\t\t\t<div class=\"elementor-column elementor-col-100 elementor-top-column elementor-element elementor-element-606d1d3\" data-id=\"606d1d3\" data-element_type=\"column\" data-e-type=\"column\">\n\t\t\t<div class=\"elementor-widget-wrap elementor-element-populated\">\n\t\t\t\t\t\t<div class=\"elementor-element elementor-element-07229f8 elementor-widget elementor-widget-heading\" data-id=\"07229f8\" data-element_type=\"widget\" data-e-type=\"widget\" data-widget_type=\"heading.default\">\n\t\t\t\t<div class=\"elementor-widget-container\">\n\t\t\t\t\t<h3 class=\"elementor-heading-title elementor-size-default\">Les\u202fco\u00fbts pour l\u2019ACHETEUR d\u2019un bien immobilier neuf<\/h3>\t\t\t\t<\/div>\n\t\t\t\t<\/div>\n\t\t\t\t<div class=\"elementor-element elementor-element-997ec98 elementor-widget elementor-widget-text-editor\" data-id=\"997ec98\" data-element_type=\"widget\" data-e-type=\"widget\" data-widget_type=\"text-editor.default\">\n\t\t\t\t<div class=\"elementor-widget-container\">\n\t\t\t\t\t\t\t\t\t<ul><li data-leveltext=\"\uf0b7\" data-font=\"Symbol\" data-listid=\"2\" aria-setsize=\"-1\" data-aria-posinset=\"0\" data-aria-level=\"1\"><b><i><span data-contrast=\"none\">La TVA sur la valeur d\u2019achat<\/span><\/i><\/b><i><span data-contrast=\"none\">\u202f(\u00ab\u202fIVA\u202f\u00bb). Son taux est de\u00a0<\/span><\/i><b><i><span data-contrast=\"none\">10%<\/span><\/i><\/b><i><span data-contrast=\"none\">\u00a0dans toute l\u2019Espagne. Le vendeur devra reverser cette TVA au Service des Imp\u00f4ts.<\/span><\/i><span data-ccp-props=\"{&quot;201341983&quot;:0,&quot;335551550&quot;:6,&quot;335551620&quot;:6,&quot;335559739&quot;:160,&quot;335559740&quot;:240}\">\u00a0<\/span><\/li><li data-leveltext=\"\uf0b7\" data-font=\"Symbol\" data-listid=\"2\" aria-setsize=\"-1\" data-aria-posinset=\"0\" data-aria-level=\"1\"><b><i><span data-contrast=\"none\">La\u00a0taxe\u00a0sur la\u00a0documentation\u00a0juridique<\/span><\/i><\/b><i><span data-contrast=\"none\">\u202f(\u00ab\u202fImpuesto\u00a0sobre Actos Jur\u00eddicos Documentados\u202f\u00bb\u00a0ou\u00a0IAJD).\u202f<\/span><\/i><i><span data-contrast=\"none\">Cette<\/span><\/i><i><span data-contrast=\"none\">\u00a0taxe est g\u00e9n\u00e9r\u00e9e par la signature chez le notaire et l\u2019inscription du bien au Registre de la Propri\u00e9t\u00e9. Le taux d\u2019imposition applicable est variable selon la communaut\u00e9 autonome, de 0,5% et 1,5% sur le montant de la vente :\u00a0<\/span><\/i><b><i><span data-contrast=\"none\">1,5%<\/span><\/i><\/b><i><span data-contrast=\"none\">\u00a0pour l\u2019Andalousie, la Comm<\/span><\/i><i><span data-contrast=\"none\">unaut\u00e9 Valencienne et la Catalogne, 0,75% pour la Communaut\u00e9 de Madrid et 0,5% au Pays Basque.<\/span><\/i><span data-ccp-props=\"{&quot;201341983&quot;:0,&quot;335551550&quot;:6,&quot;335551620&quot;:6,&quot;335559738&quot;:100,&quot;335559739&quot;:100,&quot;335559740&quot;:240}\">\u00a0<\/span><\/li><\/ul>\t\t\t\t\t\t\t\t<\/div>\n\t\t\t\t<\/div>\n\t\t\t\t\t<\/div>\n\t\t<\/div>\n\t\t\t\t\t<\/div>\n\t\t<\/section>\n\t\t\t\t<section class=\"elementor-section elementor-top-section elementor-element elementor-element-aa9190a elementor-section-boxed elementor-section-height-default elementor-section-height-default\" data-id=\"aa9190a\" data-element_type=\"section\" data-e-type=\"section\">\n\t\t\t\t\t\t<div class=\"elementor-container elementor-column-gap-default\">\n\t\t\t\t\t<div class=\"elementor-column elementor-col-100 elementor-top-column elementor-element elementor-element-f6a15dc\" data-id=\"f6a15dc\" data-element_type=\"column\" data-e-type=\"column\">\n\t\t\t<div class=\"elementor-widget-wrap elementor-element-populated\">\n\t\t\t\t\t\t<div class=\"elementor-element elementor-element-63d0552 elementor-widget elementor-widget-heading\" data-id=\"63d0552\" data-element_type=\"widget\" data-e-type=\"widget\" data-widget_type=\"heading.default\">\n\t\t\t\t<div class=\"elementor-widget-container\">\n\t\t\t\t\t<h3 class=\"elementor-heading-title elementor-size-default\">Les\u202fco\u00fbts pour le VENDEUR d\u2019un bien immobilier ancien<\/h3>\t\t\t\t<\/div>\n\t\t\t\t<\/div>\n\t\t\t\t<div class=\"elementor-element elementor-element-19d687d elementor-widget elementor-widget-text-editor\" data-id=\"19d687d\" data-element_type=\"widget\" data-e-type=\"widget\" data-widget_type=\"text-editor.default\">\n\t\t\t\t<div class=\"elementor-widget-container\">\n\t\t\t\t\t\t\t\t\t<ul><li data-leveltext=\"\uf0b7\" data-font=\"Symbol\" data-listid=\"3\" aria-setsize=\"-1\" data-aria-posinset=\"0\" data-aria-level=\"1\"><b><i><span data-contrast=\"none\">La commission de l\u2019agence immobili\u00e8re<\/span><\/i><\/b><i><span data-contrast=\"none\">, de 3 \u00e0 5% du prix de la vente, avec tr\u00e8s souvent un fixe pour\u00a0<\/span><\/i><i><span data-contrast=\"none\">les biens de faibles valeurs (comptez par exemple 3500 \u20ac pour un bien inf\u00e9rieur \u00e0 50.000 \u20ac).\u202fLe vendeur peut d\u00e9duire les frais de commission de l\u2019assiette de l\u2019imp\u00f4t sur la plus-value immobili\u00e8re. Si vous donnez votre bien en exclusivit\u00e9 \u00e0 une agence, vous<\/span><\/i><i><span data-contrast=\"none\">\u00a0pouvez n\u00e9gocier \u00e0 la baisse la commission.<\/span><\/i><span data-ccp-props=\"{&quot;201341983&quot;:0,&quot;335551550&quot;:6,&quot;335551620&quot;:6,&quot;335559739&quot;:160,&quot;335559740&quot;:240}\">\u00a0<\/span><\/li><li data-leveltext=\"\uf0b7\" data-font=\"Symbol\" data-listid=\"3\" aria-setsize=\"-1\" data-aria-posinset=\"0\" data-aria-level=\"1\"><b><i><span data-contrast=\"none\">L\u2019imp\u00f4t national sur la plus-value immobili\u00e8re<\/span><\/i><\/b><i><span data-contrast=\"none\">\u202f(\u00ab\u202fplusval\u00eda\u00a0de Hacienda\u202f\u00bb). Si vous \u00eates r\u00e9sident en Espagne, vous \u00eates soumis \u00e0 l\u2019IRPF, l\u2019imp\u00f4t sur les revenus des personnes physiques (\u00ab\u202fImpuesto\u00a0sobre la Renta\u00a0<\/span><\/i><i><span data-contrast=\"none\">de las\u00a0Personas\u00a0F\u00edsicas\u202f\u00bb) : pour les premiers 6000 \u20ac de plus-value, le vendeur est tax\u00e9 \u00e0 19%, de la tranche 6000 \u00e0 50000 \u20ac, le taux est de 21% et au-del\u00e0 de 50000 \u20ac, c\u2019est 23%. Si vous n\u2019\u00eates pas r\u00e9sident en Espagne, vous \u00eates soumis \u00e0 l\u2019IRNR, l\u2019imp\u00f4t su<\/span><\/i><i><span data-contrast=\"none\">r les revenus des non-r\u00e9sidents (\u00ab\u202fImpuesto\u00a0sobre la Renta de no\u00a0Residentes\u202f\u00bb) et le taux est de 19% sur la plus-value r\u00e9alis\u00e9e.\u202f\u202f<\/span><\/i><i><span data-contrast=\"none\">Important<\/span><\/i><i><span data-contrast=\"none\">\u202f: (1) si vous r\u00e9investissez tout ou partie de la vente dans l\u2019achat d\u2019un autre logement dans les 2 ans suivant la ve<\/span><\/i><i><span data-contrast=\"none\">nte du premier, vous b\u00e9n\u00e9ficiez d\u2019une remise fiscale ; (2) si vous avez plus de 65 ans, vous n\u2019avez pas d\u2019imp\u00f4ts \u00e0 payer sous certaines conditions ; (3) si vous n\u2019\u00eates pas r\u00e9sident en Espagne et si vous \u00eates propri\u00e9taire depuis moins de 10 ans, l\u2019acheteur\u00a0<\/span><\/i><i><span data-contrast=\"none\">doit retenir 3% du prix de la vente et le reverser aux services fiscaux, de cette fa\u00e7on l\u2019administration s\u2019assure que le vendeur paiera l\u2019IRNR correspondant \u00e0 la plus-value sur la vente (une fois le calcul de cet imp\u00f4t r\u00e9alis\u00e9, l\u2019administration fiscale rem<\/span><\/i><i><span data-contrast=\"none\">boursera au vendeur la diff\u00e9rence en cas de trop per\u00e7u ou exigera au vendeur un paiement compl\u00e9mentaire)<\/span><\/i><\/li><\/ul><ul><li data-leveltext=\"\uf0b7\" data-font=\"Symbol\" data-listid=\"3\" aria-setsize=\"-1\" data-aria-posinset=\"0\" data-aria-level=\"1\"><b><i><span data-contrast=\"none\">L\u2019imp\u00f4t\u00a0municipal sur la plus-value<\/span><\/i><\/b><i><span data-contrast=\"none\">\u202f(\u00ab\u202fplusval\u00eda\u00a0municipal\u202f\u00bb\u00a0ou\u00a0\u00ab\u202fImpuesto sobre el Incremento del Valor de los Terrenos de Naturaleza Urbana\u202f\u00bb).\u00a0<\/span><\/i><i><span data-contrast=\"none\">C\u2019es<\/span><\/i><i><span data-contrast=\"none\">t un imp\u00f4t qui d\u00e9pend de la localisation du logement, du nombre d\u2019ann\u00e9es pass\u00e9es dans le logement et de la valeur cadastrale du terrain sur lequel est construit le logement. Le co\u00fbt : de quelques centaines d\u2019Euros \u00e0 plusieurs milliers d\u2019Euros.<\/span><\/i><span data-ccp-props=\"{&quot;201341983&quot;:0,&quot;335551550&quot;:6,&quot;335551620&quot;:6,&quot;335559739&quot;:160,&quot;335559740&quot;:240}\">\u00a0<\/span><\/li><li data-leveltext=\"\uf0b7\" data-font=\"Symbol\" data-listid=\"3\" aria-setsize=\"-1\" data-aria-posinset=\"0\" data-aria-level=\"1\"><b><i><span data-contrast=\"none\">Le certifica<\/span><\/i><\/b><b><i><span data-contrast=\"none\">t d\u2019efficacit\u00e9 \u00e9nerg\u00e9tique<\/span><\/i><\/b><i><span data-contrast=\"none\">\u202f(\u00ab\u202fcertificaci\u00f3n\u00a0de la\u00a0eficiencia\u00a0energ\u00e9tica\u202f\u00bb) : obligatoire lors de la signature chez le notaire, son co\u00fbt varie de 100 \u00e0 500 \u20ac.<\/span><\/i><span data-ccp-props=\"{&quot;201341983&quot;:0,&quot;335551550&quot;:6,&quot;335551620&quot;:6,&quot;335559739&quot;:160,&quot;335559740&quot;:240}\">\u00a0<\/span><\/li><li data-leveltext=\"\uf0b7\" data-font=\"Symbol\" data-listid=\"3\" aria-setsize=\"-1\" data-aria-posinset=\"0\" data-aria-level=\"1\"><b><i><span data-contrast=\"none\">Les frais d\u2019annulation d\u2019hypoth\u00e8que<\/span><\/i><\/b><i><span data-contrast=\"none\">\u202fdans le cas o\u00f9 l\u2019hypoth\u00e8q<\/span><\/i><span data-contrast=\"none\">ue du vendeur est encore en cours (ra<\/span><span data-contrast=\"none\">jouter aussi les frais notari\u00e9s li\u00e9s \u00e0 cette annulation)<\/span><span data-ccp-props=\"{&quot;201341983&quot;:0,&quot;335551550&quot;:6,&quot;335551620&quot;:6,&quot;335559739&quot;:160,&quot;335559740&quot;:240}\">\u00a0<\/span><\/li><\/ul>\t\t\t\t\t\t\t\t<\/div>\n\t\t\t\t<\/div>\n\t\t\t\t\t<\/div>\n\t\t<\/div>\n\t\t\t\t\t<\/div>\n\t\t<\/section>\n\t\t\t\t<\/div>\n\t\t","protected":false},"excerpt":{"rendered":"<p>Achat immobilier De particulier \u00e0 particulier ou avec agence immobilier Les\u202fco\u00fbts pour l\u2019ACHETEUR d\u2019un bien immobilier ancien L\u2019imp\u00f4t sur le transfert de propri\u00e9t\u00e9\u202f(\u00ab\u202fImpuesto\u00a0de\u00a0Transmisiones\u00a0Patrimoniales\u202f\u00bb ou ITP). La gestion de l\u2019ITP est conc\u00e9d\u00e9e aux autonomies (r\u00e9gions espagnoles) &#8230; <\/p>\n<p class=\"read-more-container\"><a title=\"Achat immobilier &#8211; 2\" class=\"read-more button\" href=\"https:\/\/falgas.net\/fr\/achat-immobilier-2\/#more-981\" aria-label=\"En savoir plus sur Achat immobilier &#8211; 2\">Read More<\/a><\/p>\n","protected":false},"author":1,"featured_media":0,"comment_status":"open","ping_status":"open","sticky":false,"template":"elementor_header_footer","format":"standard","meta":{"footnotes":""},"categories":[9],"tags":[],"class_list":["post-981","post","type-post","status-publish","format-standard","hentry","category-non-classifiee","no-featured-image-padding"],"yoast_head":"<!-- This site is optimized with the Yoast SEO plugin v27.1.1 - https:\/\/yoast.com\/product\/yoast-seo-wordpress\/ -->\n<title>Achat immobilier - 2 - Falgas<\/title>\n<meta name=\"description\" content=\"Bufete jur\u00eddico Falg\u00e0s, ubicado en Figueres, le ayuda con la asesor\u00eda jur\u00eddica en derecho de familia, penal, laboral, mercantil, extranjer\u00eda y derecho civil nacional\" \/>\n<meta name=\"robots\" content=\"index, follow, max-snippet:-1, max-image-preview:large, max-video-preview:-1\" \/>\n<link rel=\"canonical\" href=\"https:\/\/falgas.net\/fr\/achat-immobilier-2\/\" \/>\n<meta property=\"og:locale\" content=\"fr_FR\" \/>\n<meta property=\"og:type\" content=\"article\" \/>\n<meta property=\"og:title\" content=\"Achat immobilier - 2 - Falgas\" \/>\n<meta property=\"og:description\" content=\"Bufete jur\u00eddico Falg\u00e0s, ubicado en Figueres, le ayuda con la asesor\u00eda jur\u00eddica en derecho de familia, penal, laboral, mercantil, extranjer\u00eda y derecho civil nacional\" \/>\n<meta property=\"og:url\" content=\"https:\/\/falgas.net\/fr\/achat-immobilier-2\/\" \/>\n<meta property=\"og:site_name\" content=\"Falgas\" \/>\n<meta property=\"article:published_time\" content=\"2019-07-17T06:46:50+00:00\" \/>\n<meta property=\"article:modified_time\" content=\"2019-07-17T06:58:02+00:00\" \/>\n<meta name=\"author\" content=\"milmilius\" \/>\n<meta name=\"twitter:card\" content=\"summary_large_image\" \/>\n<meta name=\"twitter:label1\" content=\"\u00c9crit par\" \/>\n\t<meta name=\"twitter:data1\" content=\"milmilius\" \/>\n\t<meta name=\"twitter:label2\" content=\"Dur\u00e9e de lecture estim\u00e9e\" \/>\n\t<meta name=\"twitter:data2\" content=\"5 minutes\" \/>\n<script type=\"application\/ld+json\" class=\"yoast-schema-graph\">{\"@context\":\"https:\/\/schema.org\",\"@graph\":[{\"@type\":\"Article\",\"@id\":\"https:\/\/falgas.net\/fr\/achat-immobilier-2\/#article\",\"isPartOf\":{\"@id\":\"https:\/\/falgas.net\/fr\/achat-immobilier-2\/\"},\"author\":{\"name\":\"milmilius\",\"@id\":\"https:\/\/falgas.net\/fr\/#\/schema\/person\/a1cfe6c724530c6871f7d177195a3450\"},\"headline\":\"Achat immobilier &#8211; 2\",\"datePublished\":\"2019-07-17T06:46:50+00:00\",\"dateModified\":\"2019-07-17T06:58:02+00:00\",\"mainEntityOfPage\":{\"@id\":\"https:\/\/falgas.net\/fr\/achat-immobilier-2\/\"},\"wordCount\":969,\"commentCount\":0,\"publisher\":{\"@id\":\"https:\/\/falgas.net\/fr\/#organization\"},\"articleSection\":[\"Non classifi\u00e9(e)\"],\"inLanguage\":\"fr-FR\",\"potentialAction\":[{\"@type\":\"CommentAction\",\"name\":\"Comment\",\"target\":[\"https:\/\/falgas.net\/fr\/achat-immobilier-2\/#respond\"]}]},{\"@type\":\"WebPage\",\"@id\":\"https:\/\/falgas.net\/fr\/achat-immobilier-2\/\",\"url\":\"https:\/\/falgas.net\/fr\/achat-immobilier-2\/\",\"name\":\"Achat immobilier - 2 - Falgas\",\"isPartOf\":{\"@id\":\"https:\/\/falgas.net\/fr\/#website\"},\"datePublished\":\"2019-07-17T06:46:50+00:00\",\"dateModified\":\"2019-07-17T06:58:02+00:00\",\"description\":\"Bufete jur\u00eddico Falg\u00e0s, ubicado en Figueres, le ayuda con la asesor\u00eda jur\u00eddica en derecho de familia, penal, laboral, mercantil, extranjer\u00eda y derecho civil nacional\",\"breadcrumb\":{\"@id\":\"https:\/\/falgas.net\/fr\/achat-immobilier-2\/#breadcrumb\"},\"inLanguage\":\"fr-FR\",\"potentialAction\":[{\"@type\":\"ReadAction\",\"target\":[\"https:\/\/falgas.net\/fr\/achat-immobilier-2\/\"]}]},{\"@type\":\"BreadcrumbList\",\"@id\":\"https:\/\/falgas.net\/fr\/achat-immobilier-2\/#breadcrumb\",\"itemListElement\":[{\"@type\":\"ListItem\",\"position\":1,\"name\":\"Portada\",\"item\":\"https:\/\/falgas.net\/fr\/\"},{\"@type\":\"ListItem\",\"position\":2,\"name\":\"Achat immobilier &#8211; 2\"}]},{\"@type\":\"WebSite\",\"@id\":\"https:\/\/falgas.net\/fr\/#website\",\"url\":\"https:\/\/falgas.net\/fr\/\",\"name\":\"Falgas\",\"description\":\"Otro sitio realizado con WordPress\",\"publisher\":{\"@id\":\"https:\/\/falgas.net\/fr\/#organization\"},\"potentialAction\":[{\"@type\":\"SearchAction\",\"target\":{\"@type\":\"EntryPoint\",\"urlTemplate\":\"https:\/\/falgas.net\/fr\/?s={search_term_string}\"},\"query-input\":{\"@type\":\"PropertyValueSpecification\",\"valueRequired\":true,\"valueName\":\"search_term_string\"}}],\"inLanguage\":\"fr-FR\"},{\"@type\":\"Organization\",\"@id\":\"https:\/\/falgas.net\/fr\/#organization\",\"name\":\"Falg\u00e0s\",\"url\":\"https:\/\/falgas.net\/fr\/\",\"logo\":{\"@type\":\"ImageObject\",\"inLanguage\":\"fr-FR\",\"@id\":\"https:\/\/falgas.net\/fr\/#\/schema\/logo\/image\/\",\"url\":\"https:\/\/falgas.net\/wp-content\/uploads\/2019\/07\/logo-gloria-falgas-1024x344.png\",\"contentUrl\":\"https:\/\/falgas.net\/wp-content\/uploads\/2019\/07\/logo-gloria-falgas-1024x344.png\",\"width\":1024,\"height\":344,\"caption\":\"Falg\u00e0s\"},\"image\":{\"@id\":\"https:\/\/falgas.net\/fr\/#\/schema\/logo\/image\/\"}},{\"@type\":\"Person\",\"@id\":\"https:\/\/falgas.net\/fr\/#\/schema\/person\/a1cfe6c724530c6871f7d177195a3450\",\"name\":\"milmilius\",\"image\":{\"@type\":\"ImageObject\",\"inLanguage\":\"fr-FR\",\"@id\":\"https:\/\/falgas.net\/fr\/#\/schema\/person\/image\/\",\"url\":\"https:\/\/secure.gravatar.com\/avatar\/c42f962843aa8bcaa0194e8ff3bdfe91782536e99af4caf9ef45be09cd261989?s=96&d=mm&r=g\",\"contentUrl\":\"https:\/\/secure.gravatar.com\/avatar\/c42f962843aa8bcaa0194e8ff3bdfe91782536e99af4caf9ef45be09cd261989?s=96&d=mm&r=g\",\"caption\":\"milmilius\"}}]}<\/script>\n<!-- \/ Yoast SEO plugin. -->","yoast_head_json":{"title":"Achat immobilier - 2 - Falgas","description":"Bufete jur\u00eddico Falg\u00e0s, ubicado en Figueres, le ayuda con la asesor\u00eda jur\u00eddica en derecho de familia, penal, laboral, mercantil, extranjer\u00eda y derecho civil nacional","robots":{"index":"index","follow":"follow","max-snippet":"max-snippet:-1","max-image-preview":"max-image-preview:large","max-video-preview":"max-video-preview:-1"},"canonical":"https:\/\/falgas.net\/fr\/achat-immobilier-2\/","og_locale":"fr_FR","og_type":"article","og_title":"Achat immobilier - 2 - Falgas","og_description":"Bufete jur\u00eddico Falg\u00e0s, ubicado en Figueres, le ayuda con la asesor\u00eda jur\u00eddica en derecho de familia, penal, laboral, mercantil, extranjer\u00eda y derecho civil nacional","og_url":"https:\/\/falgas.net\/fr\/achat-immobilier-2\/","og_site_name":"Falgas","article_published_time":"2019-07-17T06:46:50+00:00","article_modified_time":"2019-07-17T06:58:02+00:00","author":"milmilius","twitter_card":"summary_large_image","twitter_misc":{"\u00c9crit par":"milmilius","Dur\u00e9e de lecture estim\u00e9e":"5 minutes"},"schema":{"@context":"https:\/\/schema.org","@graph":[{"@type":"Article","@id":"https:\/\/falgas.net\/fr\/achat-immobilier-2\/#article","isPartOf":{"@id":"https:\/\/falgas.net\/fr\/achat-immobilier-2\/"},"author":{"name":"milmilius","@id":"https:\/\/falgas.net\/fr\/#\/schema\/person\/a1cfe6c724530c6871f7d177195a3450"},"headline":"Achat immobilier &#8211; 2","datePublished":"2019-07-17T06:46:50+00:00","dateModified":"2019-07-17T06:58:02+00:00","mainEntityOfPage":{"@id":"https:\/\/falgas.net\/fr\/achat-immobilier-2\/"},"wordCount":969,"commentCount":0,"publisher":{"@id":"https:\/\/falgas.net\/fr\/#organization"},"articleSection":["Non classifi\u00e9(e)"],"inLanguage":"fr-FR","potentialAction":[{"@type":"CommentAction","name":"Comment","target":["https:\/\/falgas.net\/fr\/achat-immobilier-2\/#respond"]}]},{"@type":"WebPage","@id":"https:\/\/falgas.net\/fr\/achat-immobilier-2\/","url":"https:\/\/falgas.net\/fr\/achat-immobilier-2\/","name":"Achat immobilier - 2 - Falgas","isPartOf":{"@id":"https:\/\/falgas.net\/fr\/#website"},"datePublished":"2019-07-17T06:46:50+00:00","dateModified":"2019-07-17T06:58:02+00:00","description":"Bufete jur\u00eddico Falg\u00e0s, ubicado en Figueres, le ayuda con la asesor\u00eda jur\u00eddica en derecho de familia, penal, laboral, mercantil, extranjer\u00eda y derecho civil nacional","breadcrumb":{"@id":"https:\/\/falgas.net\/fr\/achat-immobilier-2\/#breadcrumb"},"inLanguage":"fr-FR","potentialAction":[{"@type":"ReadAction","target":["https:\/\/falgas.net\/fr\/achat-immobilier-2\/"]}]},{"@type":"BreadcrumbList","@id":"https:\/\/falgas.net\/fr\/achat-immobilier-2\/#breadcrumb","itemListElement":[{"@type":"ListItem","position":1,"name":"Portada","item":"https:\/\/falgas.net\/fr\/"},{"@type":"ListItem","position":2,"name":"Achat immobilier &#8211; 2"}]},{"@type":"WebSite","@id":"https:\/\/falgas.net\/fr\/#website","url":"https:\/\/falgas.net\/fr\/","name":"Falgas","description":"Otro sitio realizado con WordPress","publisher":{"@id":"https:\/\/falgas.net\/fr\/#organization"},"potentialAction":[{"@type":"SearchAction","target":{"@type":"EntryPoint","urlTemplate":"https:\/\/falgas.net\/fr\/?s={search_term_string}"},"query-input":{"@type":"PropertyValueSpecification","valueRequired":true,"valueName":"search_term_string"}}],"inLanguage":"fr-FR"},{"@type":"Organization","@id":"https:\/\/falgas.net\/fr\/#organization","name":"Falg\u00e0s","url":"https:\/\/falgas.net\/fr\/","logo":{"@type":"ImageObject","inLanguage":"fr-FR","@id":"https:\/\/falgas.net\/fr\/#\/schema\/logo\/image\/","url":"https:\/\/falgas.net\/wp-content\/uploads\/2019\/07\/logo-gloria-falgas-1024x344.png","contentUrl":"https:\/\/falgas.net\/wp-content\/uploads\/2019\/07\/logo-gloria-falgas-1024x344.png","width":1024,"height":344,"caption":"Falg\u00e0s"},"image":{"@id":"https:\/\/falgas.net\/fr\/#\/schema\/logo\/image\/"}},{"@type":"Person","@id":"https:\/\/falgas.net\/fr\/#\/schema\/person\/a1cfe6c724530c6871f7d177195a3450","name":"milmilius","image":{"@type":"ImageObject","inLanguage":"fr-FR","@id":"https:\/\/falgas.net\/fr\/#\/schema\/person\/image\/","url":"https:\/\/secure.gravatar.com\/avatar\/c42f962843aa8bcaa0194e8ff3bdfe91782536e99af4caf9ef45be09cd261989?s=96&d=mm&r=g","contentUrl":"https:\/\/secure.gravatar.com\/avatar\/c42f962843aa8bcaa0194e8ff3bdfe91782536e99af4caf9ef45be09cd261989?s=96&d=mm&r=g","caption":"milmilius"}}]}},"_links":{"self":[{"href":"https:\/\/falgas.net\/fr\/wp-json\/wp\/v2\/posts\/981","targetHints":{"allow":["GET"]}}],"collection":[{"href":"https:\/\/falgas.net\/fr\/wp-json\/wp\/v2\/posts"}],"about":[{"href":"https:\/\/falgas.net\/fr\/wp-json\/wp\/v2\/types\/post"}],"author":[{"embeddable":true,"href":"https:\/\/falgas.net\/fr\/wp-json\/wp\/v2\/users\/1"}],"replies":[{"embeddable":true,"href":"https:\/\/falgas.net\/fr\/wp-json\/wp\/v2\/comments?post=981"}],"version-history":[{"count":3,"href":"https:\/\/falgas.net\/fr\/wp-json\/wp\/v2\/posts\/981\/revisions"}],"predecessor-version":[{"id":988,"href":"https:\/\/falgas.net\/fr\/wp-json\/wp\/v2\/posts\/981\/revisions\/988"}],"wp:attachment":[{"href":"https:\/\/falgas.net\/fr\/wp-json\/wp\/v2\/media?parent=981"}],"wp:term":[{"taxonomy":"category","embeddable":true,"href":"https:\/\/falgas.net\/fr\/wp-json\/wp\/v2\/categories?post=981"},{"taxonomy":"post_tag","embeddable":true,"href":"https:\/\/falgas.net\/fr\/wp-json\/wp\/v2\/tags?post=981"}],"curies":[{"name":"wp","href":"https:\/\/api.w.org\/{rel}","templated":true}]}}